{"id":8943,"date":"2023-08-22T08:00:52","date_gmt":"2023-08-22T06:00:52","guid":{"rendered":"https:\/\/www.cocotine.com\/?p=8943"},"modified":"2023-08-03T14:16:17","modified_gmt":"2023-08-03T12:16:17","slug":"das-fruehstueck-unser-bester-verbuendeter-fuer-den-tag","status":"publish","type":"post","link":"https:\/\/www.cocotine.com\/de\/blog\/kulinarische-trends\/das-fruehstueck-unser-bester-verbuendeter-fuer-den-tag\/","title":{"rendered":"Das Fr\u00fchst\u00fcck: Unser bester Verb\u00fcndeter f\u00fcr den Tag"},"content":{"rendered":"<p>Warum ist das Fr\u00fchst\u00fcck so wichtig? Das Fr\u00fchst\u00fcck geh\u00f6rt zu den drei S\u00e4ulen der franz\u00f6sischen Ern\u00e4hrungsweise, die auf Ausgewogenheit basiert. Ein ausgewogenes Fr\u00fchst\u00fcck enth\u00e4lt zahlreiche wesentliche N\u00e4hrstoffe und spendet einen wichtigen Teil der Energie f\u00fcr den Tag. Laut dem franz\u00f6sischen Nationalen Programm f\u00fcr gesunde Ern\u00e4hrung (PNNS) sollte es ein Viertel des Energiebedarfs des Tages decken.<\/p>\n<p>Das Fr\u00fchst\u00fcck f\u00fcllt die Energiespeicher mit Kohlenhydraten, Vitaminen und Mineralstoffen f\u00fcr den Tag!<\/p>\n<p>&nbsp;<\/p>\n<h2><strong>Welche Fr\u00fchst\u00fcckstrends gibt es derzeit in der Au\u00dfer-Haus-Verpflegung?<\/strong><\/h2>\n<p>Die Konsumgewohnheiten; die zu Snacking und \u201ewenig Zeit\u201c tendieren, haben sich in der Gastronomie auch in Bezug auf die erste Mahlzeit am Morgen ver\u00e4ndert. Auch hier gibt es einen Trend zum \u201eUpselling\u201c: An manchen Verkaufspunkten wird eine Kombination von Fr\u00fchst\u00fcck und Mittagessen angeboten, der \u201eBrunch\u201c.<\/p>\n<p>Das englische Wort Brunch kombiniert \u201ebreakfast\u201c (Fr\u00fchst\u00fcck) mit \u201elunch\u201c (Mittagessen). Dabei wird eine reichhaltige Mahlzeit angeboten, die sp\u00e4t am Vormittag oder fr\u00fch am Nachmittag eingenommen wird und bei der Speisen und Getr\u00e4nke serviert werden, die die Klassiker dieser beiden Mahlzeiten kombinieren.<\/p>\n<p>&nbsp;<\/p>\n<h2><strong>Der Platz von Eiern beim Fr\u00fchst\u00fcck?<\/strong><\/h2>\n<p>Das Ei ist ein Nahrungsmittel, das wenig Kalorien (rund 80 kcal) enth\u00e4lt, aber sehr nahrhaft ist! Deshalb bleibt man nach dem Verzehr einer Mahlzeit mit Ei l\u00e4nger satt. Das Ei liefert viele wesentliche N\u00e4hrstoffe: die Vitamine A, B12, D und E, Fols\u00e4ure, Zink und Phosphor. Das Ei ist zudem die Proteinquelle par excellence.<\/p>\n<p>Cocotine bietet Ihnen zahlreiche verarbeitete, gebrauchsfertige Eiprodukte, die Ihren G\u00e4sten beim Brunch oder Mittagessen schmecken werden.<\/p>\n<p>Wussten Sie, dass 43\u00a0% der franz\u00f6sischen Verbraucher im Hotel gerne Eier zum Fr\u00fchst\u00fcck verzehren? Lassen auch Sie sich von Eiern zum Fr\u00fchst\u00fcck verlocken!<\/p>\n<p>Entdecken Sie das <a href=\"https:\/\/www.cocotine.com\/de\/produkte\/weichgekochtes-ei\/\" target=\"_blank\" rel=\"noopener\"><strong>weichgekochte Ei<\/strong>,<\/a> <a href=\"https:\/\/www.cocotine.com\/de\/produkte\/ruehrei-omelett\/\" target=\"_blank\" rel=\"noopener\"><strong>R\u00fchrei<\/strong><\/a> oder auch unser <a href=\"https:\/\/www.cocotine.com\/de\/produkte\/feinschmecker-omelett-nature-tiefgefroren\/\" target=\"_blank\" rel=\"noopener\"><strong>gro\u00dfes Omelett-Sortiment<\/strong><\/a>!<\/p>\n<p>&nbsp;<\/p>\n","protected":false},"excerpt":{"rendered":"<p>Warum ist das Fr\u00fchst\u00fcck so wichtig? Das Fr\u00fchst\u00fcck geh\u00f6rt zu den drei S\u00e4ulen der franz\u00f6sischen Ern\u00e4hrungsweise, die auf Ausgewogenheit basiert. Ein ausgewogenes Fr\u00fchst\u00fcck enth\u00e4lt zahlreiche wesentliche N\u00e4hrstoffe und spendet einen wichtigen Teil der Energie f\u00fcr den Tag. Laut dem franz\u00f6sischen Nationalen Programm f\u00fcr gesunde Ern\u00e4hrung (PNNS) sollte es ein Viertel des Energiebedarfs des Tages decken. [&hellip;]<\/p>\n","protected":false},"author":36,"featured_media":6629,"comment_status":"closed","ping_status":"open","sticky":false,"template":"","format":"standard","meta":{"_acf_changed":false,"footnotes":""},"categories":[90],"tags":[],"class_list":["post-8943","post","type-post","status-publish","format-standard","has-post-thumbnail","hentry","category-kulinarische-trends"],"acf":[],"yoast_head":"<!-- This site is optimized with the Yoast SEO plugin v27.4 - https:\/\/yoast.com\/product\/yoast-seo-wordpress\/ -->\n<title>Das Fr\u00fchst\u00fcck: Unser bester Verb\u00fcndeter f\u00fcr den Tag - Cocotine<\/title>\n<meta name=\"description\" content=\"Das Fr\u00fchst\u00fcck: Unser bester Verb\u00fcndeter f\u00fcr den Tag\" \/>\n<meta name=\"robots\" content=\"index, follow, max-snippet:-1, max-image-preview:large, max-video-preview:-1\" \/>\n<link rel=\"canonical\" href=\"https:\/\/www.cocotine.com\/de\/blog\/kulinarische-trends\/das-fruehstueck-unser-bester-verbuendeter-fuer-den-tag\/\" \/>\n<meta property=\"og:locale\" content=\"de_DE\" \/>\n<meta property=\"og:type\" content=\"article\" \/>\n<meta property=\"og:title\" content=\"Das Fr\u00fchst\u00fcck: Unser bester Verb\u00fcndeter f\u00fcr den Tag - Cocotine\" \/>\n<meta property=\"og:description\" content=\"Das Fr\u00fchst\u00fcck: Unser bester Verb\u00fcndeter f\u00fcr den Tag\" \/>\n<meta property=\"og:url\" content=\"https:\/\/www.cocotine.com\/de\/blog\/kulinarische-trends\/das-fruehstueck-unser-bester-verbuendeter-fuer-den-tag\/\" \/>\n<meta property=\"og:site_name\" content=\"Cocotine\" \/>\n<meta property=\"article:published_time\" content=\"2023-08-22T06:00:52+00:00\" \/>\n<meta property=\"og:image\" content=\"https:\/\/www.cocotine.com\/wp-content\/uploads\/2021\/12\/oeuf-a-la-coque-calibre53-63g-recette-mouillettes-gaufres-pdt-roquefort-scaled.jpg\" \/>\n\t<meta property=\"og:image:width\" content=\"2560\" \/>\n\t<meta property=\"og:image:height\" content=\"1818\" \/>\n\t<meta property=\"og:image:type\" content=\"image\/jpeg\" \/>\n<meta name=\"author\" content=\"Cocotine\" \/>\n<meta name=\"twitter:card\" content=\"summary_large_image\" \/>\n<meta name=\"twitter:label1\" content=\"Verfasst von\" \/>\n\t<meta name=\"twitter:data1\" content=\"Cocotine\" \/>\n\t<meta name=\"twitter:label2\" content=\"Gesch\u00e4tzte Lesezeit\" \/>\n\t<meta name=\"twitter:data2\" content=\"2\u00a0Minuten\" \/>\n<script type=\"application\/ld+json\" class=\"yoast-schema-graph\">{\"@context\":\"https:\\\/\\\/schema.org\",\"@graph\":[{\"@type\":\"Article\",\"@id\":\"https:\\\/\\\/www.cocotine.com\\\/de\\\/blog\\\/kulinarische-trends\\\/das-fruehstueck-unser-bester-verbuendeter-fuer-den-tag\\\/#article\",\"isPartOf\":{\"@id\":\"https:\\\/\\\/www.cocotine.com\\\/de\\\/blog\\\/kulinarische-trends\\\/das-fruehstueck-unser-bester-verbuendeter-fuer-den-tag\\\/\"},\"author\":{\"name\":\"Cocotine\",\"@id\":\"https:\\\/\\\/www.cocotine.com\\\/de\\\/#\\\/schema\\\/person\\\/94411538295b2799925ff325bbfedb29\"},\"headline\":\"Das Fr\u00fchst\u00fcck: Unser bester Verb\u00fcndeter f\u00fcr den Tag\",\"datePublished\":\"2023-08-22T06:00:52+00:00\",\"mainEntityOfPage\":{\"@id\":\"https:\\\/\\\/www.cocotine.com\\\/de\\\/blog\\\/kulinarische-trends\\\/das-fruehstueck-unser-bester-verbuendeter-fuer-den-tag\\\/\"},\"wordCount\":329,\"publisher\":{\"@id\":\"https:\\\/\\\/www.cocotine.com\\\/de\\\/#organization\"},\"image\":{\"@id\":\"https:\\\/\\\/www.cocotine.com\\\/de\\\/blog\\\/kulinarische-trends\\\/das-fruehstueck-unser-bester-verbuendeter-fuer-den-tag\\\/#primaryimage\"},\"thumbnailUrl\":\"https:\\\/\\\/www.cocotine.com\\\/wp-content\\\/uploads\\\/2021\\\/12\\\/oeuf-a-la-coque-calibre53-63g-recette-mouillettes-gaufres-pdt-roquefort-scaled.jpg\",\"articleSection\":[\"Kulinarische Trends\"],\"inLanguage\":\"de\"},{\"@type\":\"WebPage\",\"@id\":\"https:\\\/\\\/www.cocotine.com\\\/de\\\/blog\\\/kulinarische-trends\\\/das-fruehstueck-unser-bester-verbuendeter-fuer-den-tag\\\/\",\"url\":\"https:\\\/\\\/www.cocotine.com\\\/de\\\/blog\\\/kulinarische-trends\\\/das-fruehstueck-unser-bester-verbuendeter-fuer-den-tag\\\/\",\"name\":\"Das Fr\u00fchst\u00fcck: Unser bester Verb\u00fcndeter f\u00fcr den Tag - Cocotine\",\"isPartOf\":{\"@id\":\"https:\\\/\\\/www.cocotine.com\\\/de\\\/#website\"},\"primaryImageOfPage\":{\"@id\":\"https:\\\/\\\/www.cocotine.com\\\/de\\\/blog\\\/kulinarische-trends\\\/das-fruehstueck-unser-bester-verbuendeter-fuer-den-tag\\\/#primaryimage\"},\"image\":{\"@id\":\"https:\\\/\\\/www.cocotine.com\\\/de\\\/blog\\\/kulinarische-trends\\\/das-fruehstueck-unser-bester-verbuendeter-fuer-den-tag\\\/#primaryimage\"},\"thumbnailUrl\":\"https:\\\/\\\/www.cocotine.com\\\/wp-content\\\/uploads\\\/2021\\\/12\\\/oeuf-a-la-coque-calibre53-63g-recette-mouillettes-gaufres-pdt-roquefort-scaled.jpg\",\"datePublished\":\"2023-08-22T06:00:52+00:00\",\"description\":\"Das Fr\u00fchst\u00fcck: Unser bester Verb\u00fcndeter f\u00fcr den Tag\",\"breadcrumb\":{\"@id\":\"https:\\\/\\\/www.cocotine.com\\\/de\\\/blog\\\/kulinarische-trends\\\/das-fruehstueck-unser-bester-verbuendeter-fuer-den-tag\\\/#breadcrumb\"},\"inLanguage\":\"de\",\"potentialAction\":[{\"@type\":\"ReadAction\",\"target\":[\"https:\\\/\\\/www.cocotine.com\\\/de\\\/blog\\\/kulinarische-trends\\\/das-fruehstueck-unser-bester-verbuendeter-fuer-den-tag\\\/\"]}]},{\"@type\":\"ImageObject\",\"inLanguage\":\"de\",\"@id\":\"https:\\\/\\\/www.cocotine.com\\\/de\\\/blog\\\/kulinarische-trends\\\/das-fruehstueck-unser-bester-verbuendeter-fuer-den-tag\\\/#primaryimage\",\"url\":\"https:\\\/\\\/www.cocotine.com\\\/wp-content\\\/uploads\\\/2021\\\/12\\\/oeuf-a-la-coque-calibre53-63g-recette-mouillettes-gaufres-pdt-roquefort-scaled.jpg\",\"contentUrl\":\"https:\\\/\\\/www.cocotine.com\\\/wp-content\\\/uploads\\\/2021\\\/12\\\/oeuf-a-la-coque-calibre53-63g-recette-mouillettes-gaufres-pdt-roquefort-scaled.jpg\",\"width\":2560,\"height\":1818,\"caption\":\"oeuf-a-la-coque-calibre53-63g-recette-mouillettes-gaufres-pdt-roquefort\"},{\"@type\":\"BreadcrumbList\",\"@id\":\"https:\\\/\\\/www.cocotine.com\\\/de\\\/blog\\\/kulinarische-trends\\\/das-fruehstueck-unser-bester-verbuendeter-fuer-den-tag\\\/#breadcrumb\",\"itemListElement\":[{\"@type\":\"ListItem\",\"position\":1,\"name\":\"Bienvenido\",\"item\":\"https:\\\/\\\/www.cocotine.com\\\/de\\\/\"},{\"@type\":\"ListItem\",\"position\":2,\"name\":\"Tendances culinaires\",\"item\":\"https:\\\/\\\/www.cocotine.com\\\/blog\\\/categorie\\\/tendances-culinaires\\\/\"},{\"@type\":\"ListItem\",\"position\":3,\"name\":\"Das Fr\u00fchst\u00fcck: Unser bester Verb\u00fcndeter f\u00fcr den Tag\"}]},{\"@type\":\"WebSite\",\"@id\":\"https:\\\/\\\/www.cocotine.com\\\/de\\\/#website\",\"url\":\"https:\\\/\\\/www.cocotine.com\\\/de\\\/\",\"name\":\"Cocotine\",\"description\":\"L&#039;oeuf au coeur de la cuisine\",\"publisher\":{\"@id\":\"https:\\\/\\\/www.cocotine.com\\\/de\\\/#organization\"},\"potentialAction\":[{\"@type\":\"SearchAction\",\"target\":{\"@type\":\"EntryPoint\",\"urlTemplate\":\"https:\\\/\\\/www.cocotine.com\\\/de\\\/?s={search_term_string}\"},\"query-input\":{\"@type\":\"PropertyValueSpecification\",\"valueRequired\":true,\"valueName\":\"search_term_string\"}}],\"inLanguage\":\"de\"},{\"@type\":\"Organization\",\"@id\":\"https:\\\/\\\/www.cocotine.com\\\/de\\\/#organization\",\"name\":\"Cocotine\",\"url\":\"https:\\\/\\\/www.cocotine.com\\\/de\\\/\",\"logo\":{\"@type\":\"ImageObject\",\"inLanguage\":\"de\",\"@id\":\"https:\\\/\\\/www.cocotine.com\\\/de\\\/#\\\/schema\\\/logo\\\/image\\\/\",\"url\":\"https:\\\/\\\/www.cocotine.com\\\/wp-content\\\/uploads\\\/2019\\\/06\\\/Image-2.png\",\"contentUrl\":\"https:\\\/\\\/www.cocotine.com\\\/wp-content\\\/uploads\\\/2019\\\/06\\\/Image-2.png\",\"width\":195,\"height\":62,\"caption\":\"Cocotine\"},\"image\":{\"@id\":\"https:\\\/\\\/www.cocotine.com\\\/de\\\/#\\\/schema\\\/logo\\\/image\\\/\"}},{\"@type\":\"Person\",\"@id\":\"https:\\\/\\\/www.cocotine.com\\\/de\\\/#\\\/schema\\\/person\\\/94411538295b2799925ff325bbfedb29\",\"name\":\"Cocotine\",\"image\":{\"@type\":\"ImageObject\",\"inLanguage\":\"de\",\"@id\":\"https:\\\/\\\/secure.gravatar.com\\\/avatar\\\/0ce2605df54adb143b946065fd1df0f12607e24a6fec3608294e89258ebb6cc4?s=96&d=mm&r=g\",\"url\":\"https:\\\/\\\/secure.gravatar.com\\\/avatar\\\/0ce2605df54adb143b946065fd1df0f12607e24a6fec3608294e89258ebb6cc4?s=96&d=mm&r=g\",\"contentUrl\":\"https:\\\/\\\/secure.gravatar.com\\\/avatar\\\/0ce2605df54adb143b946065fd1df0f12607e24a6fec3608294e89258ebb6cc4?s=96&d=mm&r=g\",\"caption\":\"Cocotine\"}}]}<\/script>\n<!-- \/ Yoast SEO plugin. -->","yoast_head_json":{"title":"Das Fr\u00fchst\u00fcck: Unser bester Verb\u00fcndeter f\u00fcr den Tag - Cocotine","description":"Das Fr\u00fchst\u00fcck: Unser bester Verb\u00fcndeter f\u00fcr den Tag","robots":{"index":"index","follow":"follow","max-snippet":"max-snippet:-1","max-image-preview":"max-image-preview:large","max-video-preview":"max-video-preview:-1"},"canonical":"https:\/\/www.cocotine.com\/de\/blog\/kulinarische-trends\/das-fruehstueck-unser-bester-verbuendeter-fuer-den-tag\/","og_locale":"de_DE","og_type":"article","og_title":"Das Fr\u00fchst\u00fcck: Unser bester Verb\u00fcndeter f\u00fcr den Tag - Cocotine","og_description":"Das Fr\u00fchst\u00fcck: Unser bester Verb\u00fcndeter f\u00fcr den Tag","og_url":"https:\/\/www.cocotine.com\/de\/blog\/kulinarische-trends\/das-fruehstueck-unser-bester-verbuendeter-fuer-den-tag\/","og_site_name":"Cocotine","article_published_time":"2023-08-22T06:00:52+00:00","og_image":[{"width":2560,"height":1818,"url":"https:\/\/www.cocotine.com\/wp-content\/uploads\/2021\/12\/oeuf-a-la-coque-calibre53-63g-recette-mouillettes-gaufres-pdt-roquefort-scaled.jpg","type":"image\/jpeg"}],"author":"Cocotine","twitter_card":"summary_large_image","twitter_misc":{"Verfasst von":"Cocotine","Gesch\u00e4tzte Lesezeit":"2\u00a0Minuten"},"schema":{"@context":"https:\/\/schema.org","@graph":[{"@type":"Article","@id":"https:\/\/www.cocotine.com\/de\/blog\/kulinarische-trends\/das-fruehstueck-unser-bester-verbuendeter-fuer-den-tag\/#article","isPartOf":{"@id":"https:\/\/www.cocotine.com\/de\/blog\/kulinarische-trends\/das-fruehstueck-unser-bester-verbuendeter-fuer-den-tag\/"},"author":{"name":"Cocotine","@id":"https:\/\/www.cocotine.com\/de\/#\/schema\/person\/94411538295b2799925ff325bbfedb29"},"headline":"Das Fr\u00fchst\u00fcck: Unser bester Verb\u00fcndeter f\u00fcr den Tag","datePublished":"2023-08-22T06:00:52+00:00","mainEntityOfPage":{"@id":"https:\/\/www.cocotine.com\/de\/blog\/kulinarische-trends\/das-fruehstueck-unser-bester-verbuendeter-fuer-den-tag\/"},"wordCount":329,"publisher":{"@id":"https:\/\/www.cocotine.com\/de\/#organization"},"image":{"@id":"https:\/\/www.cocotine.com\/de\/blog\/kulinarische-trends\/das-fruehstueck-unser-bester-verbuendeter-fuer-den-tag\/#primaryimage"},"thumbnailUrl":"https:\/\/www.cocotine.com\/wp-content\/uploads\/2021\/12\/oeuf-a-la-coque-calibre53-63g-recette-mouillettes-gaufres-pdt-roquefort-scaled.jpg","articleSection":["Kulinarische Trends"],"inLanguage":"de"},{"@type":"WebPage","@id":"https:\/\/www.cocotine.com\/de\/blog\/kulinarische-trends\/das-fruehstueck-unser-bester-verbuendeter-fuer-den-tag\/","url":"https:\/\/www.cocotine.com\/de\/blog\/kulinarische-trends\/das-fruehstueck-unser-bester-verbuendeter-fuer-den-tag\/","name":"Das Fr\u00fchst\u00fcck: Unser bester Verb\u00fcndeter f\u00fcr den Tag - Cocotine","isPartOf":{"@id":"https:\/\/www.cocotine.com\/de\/#website"},"primaryImageOfPage":{"@id":"https:\/\/www.cocotine.com\/de\/blog\/kulinarische-trends\/das-fruehstueck-unser-bester-verbuendeter-fuer-den-tag\/#primaryimage"},"image":{"@id":"https:\/\/www.cocotine.com\/de\/blog\/kulinarische-trends\/das-fruehstueck-unser-bester-verbuendeter-fuer-den-tag\/#primaryimage"},"thumbnailUrl":"https:\/\/www.cocotine.com\/wp-content\/uploads\/2021\/12\/oeuf-a-la-coque-calibre53-63g-recette-mouillettes-gaufres-pdt-roquefort-scaled.jpg","datePublished":"2023-08-22T06:00:52+00:00","description":"Das Fr\u00fchst\u00fcck: Unser bester Verb\u00fcndeter f\u00fcr den Tag","breadcrumb":{"@id":"https:\/\/www.cocotine.com\/de\/blog\/kulinarische-trends\/das-fruehstueck-unser-bester-verbuendeter-fuer-den-tag\/#breadcrumb"},"inLanguage":"de","potentialAction":[{"@type":"ReadAction","target":["https:\/\/www.cocotine.com\/de\/blog\/kulinarische-trends\/das-fruehstueck-unser-bester-verbuendeter-fuer-den-tag\/"]}]},{"@type":"ImageObject","inLanguage":"de","@id":"https:\/\/www.cocotine.com\/de\/blog\/kulinarische-trends\/das-fruehstueck-unser-bester-verbuendeter-fuer-den-tag\/#primaryimage","url":"https:\/\/www.cocotine.com\/wp-content\/uploads\/2021\/12\/oeuf-a-la-coque-calibre53-63g-recette-mouillettes-gaufres-pdt-roquefort-scaled.jpg","contentUrl":"https:\/\/www.cocotine.com\/wp-content\/uploads\/2021\/12\/oeuf-a-la-coque-calibre53-63g-recette-mouillettes-gaufres-pdt-roquefort-scaled.jpg","width":2560,"height":1818,"caption":"oeuf-a-la-coque-calibre53-63g-recette-mouillettes-gaufres-pdt-roquefort"},{"@type":"BreadcrumbList","@id":"https:\/\/www.cocotine.com\/de\/blog\/kulinarische-trends\/das-fruehstueck-unser-bester-verbuendeter-fuer-den-tag\/#breadcrumb","itemListElement":[{"@type":"ListItem","position":1,"name":"Bienvenido","item":"https:\/\/www.cocotine.com\/de\/"},{"@type":"ListItem","position":2,"name":"Tendances culinaires","item":"https:\/\/www.cocotine.com\/blog\/categorie\/tendances-culinaires\/"},{"@type":"ListItem","position":3,"name":"Das Fr\u00fchst\u00fcck: Unser bester Verb\u00fcndeter f\u00fcr den Tag"}]},{"@type":"WebSite","@id":"https:\/\/www.cocotine.com\/de\/#website","url":"https:\/\/www.cocotine.com\/de\/","name":"Cocotine","description":"L&#039;oeuf au coeur de la cuisine","publisher":{"@id":"https:\/\/www.cocotine.com\/de\/#organization"},"potentialAction":[{"@type":"SearchAction","target":{"@type":"EntryPoint","urlTemplate":"https:\/\/www.cocotine.com\/de\/?s={search_term_string}"},"query-input":{"@type":"PropertyValueSpecification","valueRequired":true,"valueName":"search_term_string"}}],"inLanguage":"de"},{"@type":"Organization","@id":"https:\/\/www.cocotine.com\/de\/#organization","name":"Cocotine","url":"https:\/\/www.cocotine.com\/de\/","logo":{"@type":"ImageObject","inLanguage":"de","@id":"https:\/\/www.cocotine.com\/de\/#\/schema\/logo\/image\/","url":"https:\/\/www.cocotine.com\/wp-content\/uploads\/2019\/06\/Image-2.png","contentUrl":"https:\/\/www.cocotine.com\/wp-content\/uploads\/2019\/06\/Image-2.png","width":195,"height":62,"caption":"Cocotine"},"image":{"@id":"https:\/\/www.cocotine.com\/de\/#\/schema\/logo\/image\/"}},{"@type":"Person","@id":"https:\/\/www.cocotine.com\/de\/#\/schema\/person\/94411538295b2799925ff325bbfedb29","name":"Cocotine","image":{"@type":"ImageObject","inLanguage":"de","@id":"https:\/\/secure.gravatar.com\/avatar\/0ce2605df54adb143b946065fd1df0f12607e24a6fec3608294e89258ebb6cc4?s=96&d=mm&r=g","url":"https:\/\/secure.gravatar.com\/avatar\/0ce2605df54adb143b946065fd1df0f12607e24a6fec3608294e89258ebb6cc4?s=96&d=mm&r=g","contentUrl":"https:\/\/secure.gravatar.com\/avatar\/0ce2605df54adb143b946065fd1df0f12607e24a6fec3608294e89258ebb6cc4?s=96&d=mm&r=g","caption":"Cocotine"}}]}},"_links":{"self":[{"href":"https:\/\/www.cocotine.com\/de\/wp-json\/wp\/v2\/posts\/8943","targetHints":{"allow":["GET"]}}],"collection":[{"href":"https:\/\/www.cocotine.com\/de\/wp-json\/wp\/v2\/posts"}],"about":[{"href":"https:\/\/www.cocotine.com\/de\/wp-json\/wp\/v2\/types\/post"}],"author":[{"embeddable":true,"href":"https:\/\/www.cocotine.com\/de\/wp-json\/wp\/v2\/users\/36"}],"replies":[{"embeddable":true,"href":"https:\/\/www.cocotine.com\/de\/wp-json\/wp\/v2\/comments?post=8943"}],"version-history":[{"count":2,"href":"https:\/\/www.cocotine.com\/de\/wp-json\/wp\/v2\/posts\/8943\/revisions"}],"predecessor-version":[{"id":8945,"href":"https:\/\/www.cocotine.com\/de\/wp-json\/wp\/v2\/posts\/8943\/revisions\/8945"}],"wp:featuredmedia":[{"embeddable":true,"href":"https:\/\/www.cocotine.com\/de\/wp-json\/wp\/v2\/media\/6629"}],"wp:attachment":[{"href":"https:\/\/www.cocotine.com\/de\/wp-json\/wp\/v2\/media?parent=8943"}],"wp:term":[{"taxonomy":"category","embeddable":true,"href":"https:\/\/www.cocotine.com\/de\/wp-json\/wp\/v2\/categories?post=8943"},{"taxonomy":"post_tag","embeddable":true,"href":"https:\/\/www.cocotine.com\/de\/wp-json\/wp\/v2\/tags?post=8943"}],"curies":[{"name":"wp","href":"https:\/\/api.w.org\/{rel}","templated":true}]}}